{"id":4,"name":"Neil Barton","url":"https:\/\/neilbartonmarbella.es\/equipo","description":"Goldwell International Artist, Owner\/ Creative Director Neil Barton Hair Edinburgh + Marbella.\r\nCon m\u00e1s de 25 a\u00f1os de experiencia en la industria, Neil ha demostrado ser un apasionado de todo lo relacionado con el cabello.\r\nHa ganado m\u00faltiples premios siendo embajador y educador internacional.\r\nExperto en corte y color , con gran atenci\u00f3n por el detalle, Neil te asegura una experiencia \u00fanica en su nuevo sal\u00f3n en Marbella.","link":"http:\/\/neilbartonmarbella.es\/en\/author\/neil\/","slug":"neil","avatar_urls":{"24":"https:\/\/secure.gravatar.com\/avatar\/5b797020dac40927d8b37b1ed18f8082505f73acde2c9fd95b8ebc320a40681c?s=24&d=mm&r=g","48":"https:\/\/secure.gravatar.com\/avatar\/5b797020dac40927d8b37b1ed18f8082505f73acde2c9fd95b8ebc320a40681c?s=48&d=mm&r=g","96":"https:\/\/secure.gravatar.com\/avatar\/5b797020dac40927d8b37b1ed18f8082505f73acde2c9fd95b8ebc320a40681c?s=96&d=mm&r=g"},"meta":[],"yoast_head":"<!-- This site is optimized with the Yoast SEO plugin v26.9 - https:\/\/yoast.com\/product\/yoast-seo-wordpress\/ -->\n<title>Neil Barton, Author at Neil Barton Marbella | Premium Hair Salon in Marbella<\/title>\n<meta name=\"robots\" content=\"index, follow, max-snippet:-1, max-image-preview:large, max-video-preview:-1\" \/>\n<link rel=\"canonical\" href=\"https:\/\/neilbartonmarbella.es\/author\/neil\/\" \/>\n<meta property=\"og:locale\" content=\"en_US\" \/>\n<meta property=\"og:type\" content=\"profile\" \/>\n<meta property=\"og:title\" content=\"Neil Barton, Author at Neil Barton Marbella | Premium Hair Salon in Marbella\" \/>\n<meta property=\"og:url\" content=\"https:\/\/neilbartonmarbella.es\/author\/neil\/\" \/>\n<meta property=\"og:site_name\" content=\"Neil Barton Marbella | Premium Hair Salon in Marbella\" \/>\n<meta property=\"og:image\" content=\"https:\/\/secure.gravatar.com\/avatar\/5b797020dac40927d8b37b1ed18f8082505f73acde2c9fd95b8ebc320a40681c?s=500&d=mm&r=g\" \/>\n<meta name=\"twitter:card\" content=\"summary_large_image\" \/>\n<script type=\"application\/ld+json\" class=\"yoast-schema-graph\">{\"@context\":\"https:\/\/schema.org\",\"@graph\":[{\"@type\":\"ProfilePage\",\"@id\":\"https:\/\/neilbartonmarbella.es\/author\/neil\/\",\"url\":\"https:\/\/neilbartonmarbella.es\/author\/neil\/\",\"name\":\"Neil Barton, Author at Neil Barton Marbella | Premium Hair Salon in Marbella\",\"isPartOf\":{\"@id\":\"https:\/\/neilbartonmarbella.es\/#website\"},\"breadcrumb\":{\"@id\":\"https:\/\/neilbartonmarbella.es\/author\/neil\/#breadcrumb\"},\"inLanguage\":\"en-US\",\"potentialAction\":[{\"@type\":\"ReadAction\",\"target\":[\"https:\/\/neilbartonmarbella.es\/author\/neil\/\"]}]},{\"@type\":\"BreadcrumbList\",\"@id\":\"https:\/\/neilbartonmarbella.es\/author\/neil\/#breadcrumb\",\"itemListElement\":[{\"@type\":\"ListItem\",\"position\":1,\"name\":\"Home\",\"item\":\"https:\/\/neilbartonmarbella.es\/\"},{\"@type\":\"ListItem\",\"position\":2,\"name\":\"Archives for Neil Barton\"}]},{\"@type\":\"WebSite\",\"@id\":\"https:\/\/neilbartonmarbella.es\/#website\",\"url\":\"https:\/\/neilbartonmarbella.es\/\",\"name\":\"Neil Barton\",\"description\":\"A professional hair salon in Marbella offering personalised cuts, colour and styling with an exclusive, high-quality approach.\",\"alternateName\":\"neilbartonmarbella.es\",\"potentialAction\":[{\"@type\":\"SearchAction\",\"target\":{\"@type\":\"EntryPoint\",\"urlTemplate\":\"https:\/\/neilbartonmarbella.es\/?s={search_term_string}\"},\"query-input\":{\"@type\":\"PropertyValueSpecification\",\"valueRequired\":true,\"valueName\":\"search_term_string\"}}],\"inLanguage\":\"en-US\"},{\"@type\":\"Person\",\"@id\":\"https:\/\/neilbartonmarbella.es\/#\/schema\/person\/73a5ca86d8a4bb500d57a2c2ad6a6a5d\",\"name\":\"Neil Barton\",\"image\":{\"@type\":\"ImageObject\",\"inLanguage\":\"en-US\",\"@id\":\"https:\/\/neilbartonmarbella.es\/#\/schema\/person\/image\/\",\"url\":\"https:\/\/secure.gravatar.com\/avatar\/5b797020dac40927d8b37b1ed18f8082505f73acde2c9fd95b8ebc320a40681c?s=96&d=mm&r=g\",\"contentUrl\":\"https:\/\/secure.gravatar.com\/avatar\/5b797020dac40927d8b37b1ed18f8082505f73acde2c9fd95b8ebc320a40681c?s=96&d=mm&r=g\",\"caption\":\"Neil Barton\"},\"description\":\"Goldwell International Artist, Owner\/ Creative Director Neil Barton Hair Edinburgh + Marbella. Con m\u00e1s de 25 a\u00f1os de experiencia en la industria, Neil ha demostrado ser un apasionado de todo lo relacionado con el cabello. Ha ganado m\u00faltiples premios siendo embajador y educador internacional. Experto en corte y color , con gran atenci\u00f3n por el detalle, Neil te asegura una experiencia \u00fanica en su nuevo sal\u00f3n en Marbella.\",\"sameAs\":[\"https:\/\/neilbartonmarbella.es\/equipo\",\"https:\/\/www.facebook.com\/people\/Neil-Barton-Marbella\/100087556722713\/\"],\"mainEntityOfPage\":{\"@id\":\"https:\/\/neilbartonmarbella.es\/author\/neil\/\"}}]}<\/script>\n<!-- \/ Yoast SEO plugin. -->","yoast_head_json":{"title":"Neil Barton, Author at Neil Barton Marbella | Premium Hair Salon in Marbella","robots":{"index":"index","follow":"follow","max-snippet":"max-snippet:-1","max-image-preview":"max-image-preview:large","max-video-preview":"max-video-preview:-1"},"canonical":"https:\/\/neilbartonmarbella.es\/author\/neil\/","og_locale":"en_US","og_type":"profile","og_title":"Neil Barton, Author at Neil Barton Marbella | Premium Hair Salon in Marbella","og_url":"https:\/\/neilbartonmarbella.es\/author\/neil\/","og_site_name":"Neil Barton Marbella | Premium Hair Salon in Marbella","og_image":[{"url":"https:\/\/secure.gravatar.com\/avatar\/5b797020dac40927d8b37b1ed18f8082505f73acde2c9fd95b8ebc320a40681c?s=500&d=mm&r=g","type":"","width":"","height":""}],"twitter_card":"summary_large_image","schema":{"@context":"https:\/\/schema.org","@graph":[{"@type":"ProfilePage","@id":"https:\/\/neilbartonmarbella.es\/author\/neil\/","url":"https:\/\/neilbartonmarbella.es\/author\/neil\/","name":"Neil Barton, Author at Neil Barton Marbella | Premium Hair Salon in Marbella","isPartOf":{"@id":"https:\/\/neilbartonmarbella.es\/#website"},"breadcrumb":{"@id":"https:\/\/neilbartonmarbella.es\/author\/neil\/#breadcrumb"},"inLanguage":"en-US","potentialAction":[{"@type":"ReadAction","target":["https:\/\/neilbartonmarbella.es\/author\/neil\/"]}]},{"@type":"BreadcrumbList","@id":"https:\/\/neilbartonmarbella.es\/author\/neil\/#breadcrumb","itemListElement":[{"@type":"ListItem","position":1,"name":"Home","item":"https:\/\/neilbartonmarbella.es\/"},{"@type":"ListItem","position":2,"name":"Archives for Neil Barton"}]},{"@type":"WebSite","@id":"https:\/\/neilbartonmarbella.es\/#website","url":"https:\/\/neilbartonmarbella.es\/","name":"Neil Barton","description":"A professional hair salon in Marbella offering personalised cuts, colour and styling with an exclusive, high-quality approach.","alternateName":"neilbartonmarbella.es","potentialAction":[{"@type":"SearchAction","target":{"@type":"EntryPoint","urlTemplate":"https:\/\/neilbartonmarbella.es\/?s={search_term_string}"},"query-input":{"@type":"PropertyValueSpecification","valueRequired":true,"valueName":"search_term_string"}}],"inLanguage":"en-US"},{"@type":"Person","@id":"https:\/\/neilbartonmarbella.es\/#\/schema\/person\/73a5ca86d8a4bb500d57a2c2ad6a6a5d","name":"Neil Barton","image":{"@type":"ImageObject","inLanguage":"en-US","@id":"https:\/\/neilbartonmarbella.es\/#\/schema\/person\/image\/","url":"https:\/\/secure.gravatar.com\/avatar\/5b797020dac40927d8b37b1ed18f8082505f73acde2c9fd95b8ebc320a40681c?s=96&d=mm&r=g","contentUrl":"https:\/\/secure.gravatar.com\/avatar\/5b797020dac40927d8b37b1ed18f8082505f73acde2c9fd95b8ebc320a40681c?s=96&d=mm&r=g","caption":"Neil Barton"},"description":"Goldwell International Artist, Owner\/ Creative Director Neil Barton Hair Edinburgh + Marbella. Con m\u00e1s de 25 a\u00f1os de experiencia en la industria, Neil ha demostrado ser un apasionado de todo lo relacionado con el cabello. Ha ganado m\u00faltiples premios siendo embajador y educador internacional. Experto en corte y color , con gran atenci\u00f3n por el detalle, Neil te asegura una experiencia \u00fanica en su nuevo sal\u00f3n en Marbella.","sameAs":["https:\/\/neilbartonmarbella.es\/equipo","https:\/\/www.facebook.com\/people\/Neil-Barton-Marbella\/100087556722713\/"],"mainEntityOfPage":{"@id":"https:\/\/neilbartonmarbella.es\/author\/neil\/"}}]}},"_links":{"self":[{"href":"http:\/\/neilbartonmarbella.es\/en\/wp-json\/wp\/v2\/users\/4","targetHints":{"allow":["GET"]}}],"collection":[{"href":"http:\/\/neilbartonmarbella.es\/en\/wp-json\/wp\/v2\/users"}]}}